{"id":7463,"date":"2026-01-21T13:05:16","date_gmt":"2026-01-21T12:05:16","guid":{"rendered":"https:\/\/www.thales.be\/?p=7463"},"modified":"2026-01-26T09:55:45","modified_gmt":"2026-01-26T08:55:45","slug":"donation-a-un-jeune-ou-nouveau-resident-francais-danger","status":"publish","type":"post","link":"https:\/\/www.thales.be\/nl\/2026\/01\/21\/donation-a-un-jeune-ou-nouveau-resident-francais-danger\/","title":{"rendered":"Donation \u00e0 un jeune ou nouveau r\u00e9sident fran\u00e7ais\u00a0: danger"},"content":{"rendered":"<p><\/p>\n\n\n\n<p><strong>UPDATE : Bonne nouvelle ! Le Gouvernement fran\u00e7ais a publi\u00e9 ce 22 janvier son engagement de responsabilit\u00e9 sur la base du 49.3 et il n\u2019a pas repris l\u2019amendement qui avait \u00e9t\u00e9 approuv\u00e9 par la Commission des finances.<\/strong><\/p>\n\n\n\n<p>La Commission des finances de l&rsquo;Assembl\u00e9e nationale fran\u00e7aise vient d\u2019adopter un amendement (n\u00b0 CF130), en nouvelle lecture du projet de loi de finances pour 2026 (n\u00b0 2247). Cet amendement supprime l\u2019exon\u00e9ration sur les donations \u00e0 des r\u00e9sidents fran\u00e7ais de moins de 6 ans.<\/p>\n\n\n\n<p>L\u2019expos\u00e9 des motifs indique que \u00ab&nbsp;<em>Cet amendement rem\u00e9die \u00e0 une faille de l&rsquo;article 750 ter CGI, permettant \u00e0 des grandes fortunes expatri\u00e9es de transmettre des millions \u00e0 des petits-enfants r\u00e9sidant en France (\u00e2g\u00e9s de moins de 6 ans) sans imp\u00f4t, car ils ne cumulent pas 6 ans de r\u00e9sidence sur 10 (\u2026). Le dernier alin\u00e9a de l\u2019article&nbsp;750&nbsp;Ter&nbsp;du CGI stipule que les biens (meubles ou immeubles) non situ\u00e9s en France ne sont soumis aux (droits de donation) que si le donataire ou l\u2019h\u00e9ritier a r\u00e9sid\u00e9 fiscalement en France au cours de six des dix derni\u00e8res ann\u00e9es.<\/em><\/p>\n\n\n\n<p><em>Concr\u00e8tement, se pr\u00e9sentent des cas d\u2019\u00e9vitement de l\u2019imp\u00f4t fr\u00e9quents (\u2026) reposant sur le sch\u00e9ma suivant&nbsp;:<\/em><\/p>\n\n\n\n<p><em>\u2013&nbsp;Un individu fortun\u00e9 transf\u00e8re sa r\u00e9sidence fiscale hors de France, g\u00e9n\u00e9ralement dans un pays ayant une fiscalit\u00e9 sur les donations tr\u00e8s avantageuse (Belgique, Italie, Grande-Bretagne, Luxembourg, etc.)<\/em><\/p>\n\n\n\n<p><em>\u2013&nbsp;Cet individu fait une donation de ce patrimoine \u00e0 un ou des enfant(s) de moins de 6 ans r\u00e9sidant en France (g\u00e9n\u00e9ralement ses petits-enfants)<\/em><\/p>\n\n\n\n<p><em>\u2013&nbsp;Le patrimoine transf\u00e9r\u00e9 par ce biais est int\u00e9gralement exon\u00e9r\u00e9 de DMTG, dans la mesure o\u00f9 le donateur ne r\u00e9side pas fiscalement en France et o\u00f9 l\u2019enfant de moins de 6 ans ne \u2018comptabilise\u2019 pas six ann\u00e9es de r\u00e9sidence fiscale en France<\/em>&nbsp;\u00bb.<\/p>\n\n\n\n<p>Ainsi, l\u2019expos\u00e9 des motifs semble vouloir lutter contre les abus des donations faites de mani\u00e8re exon\u00e9r\u00e9e car les enfants ou petits-enfants donataires ont moins de 6 ans. Mais l\u2019amendement propos\u00e9 (par Mme&nbsp;Christine Pir\u00e8s Beaune, Mme Mercier, M. Philippe Brun, M. Baptiste, M. Baumel, M. Bouloux, M. Oberti, Mme Pantel et les membres du groupe Socialistes et apparent\u00e9s) supprime purement et simplement la seconde phrase du&nbsp;3\u00b0 de l\u2019article&nbsp;750&nbsp;<em>ter<\/em>&nbsp;du code g\u00e9n\u00e9ral des imp\u00f4ts, ce qui implique que les donations faites \u00e0 des enfants (belges) r\u00e9sidant en France depuis moins de 6 ans seront impos\u00e9es. La modification l\u00e9gislative est ainsi bien plus large \u2013 et bien plus contestable \u2013 que ne le laisse entendre les parlementaires qui ont d\u00e9pos\u00e9 cet amendement.<\/p>\n\n\n\n<p>Le but initial de cette disposition \u00e9tait justement d\u2019\u00e9viter qu\u2019un non-fran\u00e7ais qui vient r\u00e9sider en France quelques ann\u00e9es, par exemple pour ses \u00e9tudes ou son travail, ne soit impos\u00e9 en France s\u2019il re\u00e7oit des donations de ses parents non-r\u00e9sidents fran\u00e7ais. Dans le compte-rendu de r\u00e9union n\u00b0 56 de la Commission des finances communiqu\u00e9 ce 19 janvier, le rapporteur g\u00e9n\u00e9ral&nbsp;Philippe Juvin indique ce qui suit&nbsp;: \u00ab&nbsp;<em>Sur le principe, je suis favorable \u00e0 la lutte contre l\u2019optimisation fiscale. Mais je m\u2019interroge sur les \u00e9ventuels effets de bord de votre proposition&nbsp;: ne risque-t-elle pas de conduire \u00e0 imposer des personnes uniquement parce qu\u2019elles sont entr\u00e9es en France depuis moins de six ans, m\u00eame sans intention d\u2019optimisation&nbsp;? J\u2019interrogerai le Gouvernement sur ce point en s\u00e9ance. Dans l\u2019attente, je m\u2019en remets \u00e0 la sagesse de la commission<\/em>&nbsp;\u00bb. Monsieur Juvin peut faire plus que se poser la question, puisque la suppression de l\u2019article 750 ter, 3\u00b0, 2<sup>e<\/sup> phrase du CGI implique effectivement que les personnes entr\u00e9es en France depuis moins de 6 ans seront imposables aux droits de donation fran\u00e7ais.<\/p>\n\n\n\n<p>Cet amendement a \u00e9t\u00e9 examin\u00e9 et adopt\u00e9 en Commission des finances lors de la nouvelle lecture. Le Premier Ministre a engag\u00e9 ce 20 janvier la responsabilit\u00e9 du gouvernement en utilisant l\u2019article 49.3 de la Constitution pour faire adopter la partie relative aux recettes du budget 2026 sans vote \u00e0 l\u2019Assembl\u00e9e nationale, compte tenu de la situation de blocage parlementaire rencontr\u00e9e depuis plusieurs semaines d\u00e9j\u00e0, afin de faire passer la loi d\u2019ici \u00e0 la fin du mois de f\u00e9vrier. On peut esp\u00e9rer que le gouvernement accepte mieux les situations d\u2019expatriations temporaires et n\u2019adopte pas cet amendement.<\/p>\n\n\n\n<p>Si cet amendement devait \u00eatre confirm\u00e9, il entrerait en vigueur \u00e0 compter du lendemain de la publication de la loi de finances pour 2026 (LF 2026) au Journal officiel. Celle-ci interviendra probablement en f\u00e9vrier.<\/p>\n\n\n\n<figure class=\"wp-block-image alignleft is-resized\"><img fetchpriority=\"high\" decoding=\"async\" width=\"300\" height=\"300\" src=\"https:\/\/www.thales.be\/wp-content\/uploads\/2023\/01\/thales-valerie-anne-debrauwere-1-300x300.jpg\" alt=\"Thales Avocat Bruxelles Valerie-Anne Debrauwere\" class=\"wp-image-6525\" style=\"width:196px;height:196px\" srcset=\"https:\/\/www.thales.be\/wp-content\/uploads\/2023\/01\/thales-valerie-anne-debrauwere-1-300x300.jpg 300w, https:\/\/www.thales.be\/wp-content\/uploads\/2023\/01\/thales-valerie-anne-debrauwere-1-150x150.jpg 150w, https:\/\/www.thales.be\/wp-content\/uploads\/2023\/01\/thales-valerie-anne-debrauwere-1-768x768.jpg 768w, https:\/\/www.thales.be\/wp-content\/uploads\/2023\/01\/thales-valerie-anne-debrauwere-1-12x12.jpg 12w, https:\/\/www.thales.be\/wp-content\/uploads\/2023\/01\/thales-valerie-anne-debrauwere-1.jpg 1000w\" sizes=\"(max-width: 300px) 100vw, 300px\" \/><\/figure>\n\n\n\n<p><a href=\"https:\/\/www.thales.be\/nl\/portfolio-items\/valerie-anne-de-brauwere\/?portfolioCats=5\">Val\u00e9rie-Anne de Brauwere<\/a><\/p>\n\n\n\n<p>Partner THALES Attorneys \u2013 Tax<\/p>\n\n\n\n<p><a href=\"mailto:va.debrauwere@thales.be\">va.debrauwere@thales.be<\/a><\/p>","protected":false},"excerpt":{"rendered":"<p>UPDATE : Bonne nouvelle ! Le Gouvernement fran\u00e7ais a publi\u00e9 ce 22 janvier son engagement de responsabilit\u00e9 sur la base du 49.3 et il n\u2019a pas repris l\u2019amendement qui avait \u00e9t\u00e9 approuv\u00e9 par la Commission des finances. La Commission des finances de l&rsquo;Assembl\u00e9e nationale fran\u00e7aise vient d\u2019adopter un amendement (n\u00b0 CF130), en nouvelle lecture du [&hellip;]<\/p>\n","protected":false},"author":87,"featured_media":6609,"comment_status":"closed","ping_status":"open","sticky":false,"template":"","format":"standard","meta":{"_acf_changed":false,"footnotes":""},"categories":[70,267,16,273,251,249,37,29,287,33,289,271,38],"tags":[],"class_list":["post-7463","post","type-post","status-publish","format-standard","has-post-thumbnail","hentry","category-actualites","category-advocaten","category-avocats","category-belastingwetgeving","category-brussel","category-brussels","category-bruxelles","category-01-fiscal","category-inheritance-planning","category-02-planification-patrimoniale","category-successieplanning","category-tax-law","category-taxe"],"acf":[],"_links":{"self":[{"href":"https:\/\/www.thales.be\/nl\/wp-json\/wp\/v2\/posts\/7463","targetHints":{"allow":["GET"]}}],"collection":[{"href":"https:\/\/www.thales.be\/nl\/wp-json\/wp\/v2\/posts"}],"about":[{"href":"https:\/\/www.thales.be\/nl\/wp-json\/wp\/v2\/types\/post"}],"author":[{"embeddable":true,"href":"https:\/\/www.thales.be\/nl\/wp-json\/wp\/v2\/users\/87"}],"replies":[{"embeddable":true,"href":"https:\/\/www.thales.be\/nl\/wp-json\/wp\/v2\/comments?post=7463"}],"version-history":[{"count":3,"href":"https:\/\/www.thales.be\/nl\/wp-json\/wp\/v2\/posts\/7463\/revisions"}],"predecessor-version":[{"id":7473,"href":"https:\/\/www.thales.be\/nl\/wp-json\/wp\/v2\/posts\/7463\/revisions\/7473"}],"wp:featuredmedia":[{"embeddable":true,"href":"https:\/\/www.thales.be\/nl\/wp-json\/wp\/v2\/media\/6609"}],"wp:attachment":[{"href":"https:\/\/www.thales.be\/nl\/wp-json\/wp\/v2\/media?parent=7463"}],"wp:term":[{"taxonomy":"category","embeddable":true,"href":"https:\/\/www.thales.be\/nl\/wp-json\/wp\/v2\/categories?post=7463"},{"taxonomy":"post_tag","embeddable":true,"href":"https:\/\/www.thales.be\/nl\/wp-json\/wp\/v2\/tags?post=7463"}],"curies":[{"name":"wp","href":"https:\/\/api.w.org\/{rel}","templated":true}]}}