{"id":4535,"date":"2022-05-02T13:05:19","date_gmt":"2022-05-02T11:05:19","guid":{"rendered":"https:\/\/www.thales.be\/?p=4535"},"modified":"2022-10-17T17:41:25","modified_gmt":"2022-10-17T15:41:25","slug":"peut-on-exercer-une-activite-durant-lincapacite-de-travail-la-libre-eco-30-04-22","status":"publish","type":"post","link":"https:\/\/www.thales.be\/nl\/2022\/05\/02\/peut-on-exercer-une-activite-durant-lincapacite-de-travail-la-libre-eco-30-04-22\/","title":{"rendered":"\u00ab\u00a0Peut-on exercer une activit\u00e9 durant l\u2019incapacit\u00e9 de travail ? \u00a0\u00bb &#8211; La Libre Eco 30\/04\/22"},"content":{"rendered":"<div align=\"justify\">\n<p><strong>L\u2019exercice d\u2019une activit\u00e9 professionnelle pendant une p\u00e9riode d\u2019incapacit\u00e9 de travail n\u2019est pas, <em>en soi<\/em>, fautif. Il ne le devient que dans certaines hypoth\u00e8ses. Dans un arr\u00eat r\u00e9cent, la Cour du travail de Bruxelles fait le point sur cette question (1).&nbsp; &nbsp;<\/strong><\/p>\n<p>Les faits soumis \u00e0 l\u2019appr\u00e9ciation de la Cour du travail sont relativement simples&nbsp;: En 2011, Monsieur H. est engag\u00e9 par une entreprise active dans le secteur du gardiennage, de la surveillance et de la s\u00e9curit\u00e9. En 2015, il est en incapacit\u00e9 de travail. Il souffre de malaises et de crises d\u2019angoisse. Pendant cette p\u00e9riode, il va travailler dans un salon de glace, ce qui est attest\u00e9 par un constat d\u2019huissier de justice. En r\u00e9action, son employeur va mettre fin au contrat de travail pour motif grave, sans pr\u00e9avis ni indemnit\u00e9 compensatoire de pr\u00e9avis. Il estime que l\u2019exercice de cette activit\u00e9 professionnelle remet en cause la r\u00e9alit\u00e9 de son incapacit\u00e9 de travail et compromet ou reporte sa gu\u00e9rison. Ce serait aussi, selon lui, un manque total de respect.<\/p>\n<\/div>\n<p>Cliquez ici pour lire l&rsquo;article complet : <a href=\"https:\/\/kiosque.lalibre.be\/data\/35175\/reader\/reader.html?t=1651489765635#!preferred\/0\/package\/35175\/pub\/88082\/page\/15\">La Libre<\/a><\/p>","protected":false},"excerpt":{"rendered":"<p>L\u2019exercice d\u2019une activit\u00e9 professionnelle pendant une p\u00e9riode d\u2019incapacit\u00e9 de travail n\u2019est pas, en soi, fautif. Il ne le devient que dans certaines hypoth\u00e8ses. Dans un arr\u00eat r\u00e9cent, la Cour du travail de Bruxelles fait le point sur cette question (1).&nbsp; &nbsp; Les faits soumis \u00e0 l\u2019appr\u00e9ciation de la Cour du travail sont relativement simples&nbsp;: En [&hellip;]<\/p>\n","protected":false},"author":69,"featured_media":5496,"comment_status":"closed","ping_status":"open","sticky":false,"template":"","format":"standard","meta":{"_acf_changed":false,"footnotes":""},"categories":[70,31],"tags":[],"class_list":["post-4535","post","type-post","status-publish","format-standard","has-post-thumbnail","hentry","category-actualites","category-04-droit-social"],"acf":[],"_links":{"self":[{"href":"https:\/\/www.thales.be\/nl\/wp-json\/wp\/v2\/posts\/4535","targetHints":{"allow":["GET"]}}],"collection":[{"href":"https:\/\/www.thales.be\/nl\/wp-json\/wp\/v2\/posts"}],"about":[{"href":"https:\/\/www.thales.be\/nl\/wp-json\/wp\/v2\/types\/post"}],"author":[{"embeddable":true,"href":"https:\/\/www.thales.be\/nl\/wp-json\/wp\/v2\/users\/69"}],"replies":[{"embeddable":true,"href":"https:\/\/www.thales.be\/nl\/wp-json\/wp\/v2\/comments?post=4535"}],"version-history":[{"count":3,"href":"https:\/\/www.thales.be\/nl\/wp-json\/wp\/v2\/posts\/4535\/revisions"}],"predecessor-version":[{"id":5497,"href":"https:\/\/www.thales.be\/nl\/wp-json\/wp\/v2\/posts\/4535\/revisions\/5497"}],"wp:featuredmedia":[{"embeddable":true,"href":"https:\/\/www.thales.be\/nl\/wp-json\/wp\/v2\/media\/5496"}],"wp:attachment":[{"href":"https:\/\/www.thales.be\/nl\/wp-json\/wp\/v2\/media?parent=4535"}],"wp:term":[{"taxonomy":"category","embeddable":true,"href":"https:\/\/www.thales.be\/nl\/wp-json\/wp\/v2\/categories?post=4535"},{"taxonomy":"post_tag","embeddable":true,"href":"https:\/\/www.thales.be\/nl\/wp-json\/wp\/v2\/tags?post=4535"}],"curies":[{"name":"wp","href":"https:\/\/api.w.org\/{rel}","templated":true}]}}