{"id":4532,"date":"2022-04-21T16:11:58","date_gmt":"2022-04-21T14:11:58","guid":{"rendered":"https:\/\/www.thales.be\/?p=4532"},"modified":"2023-01-27T01:35:22","modified_gmt":"2023-01-27T00:35:22","slug":"seminaire-vanhamvanham-19-mai-fiscalite-patrimoniale-questions-dactualite","status":"publish","type":"post","link":"https:\/\/www.thales.be\/nl\/2022\/04\/21\/seminaire-vanhamvanham-19-mai-fiscalite-patrimoniale-questions-dactualite\/","title":{"rendered":"S\u00e9minaire Vanham&amp;Vanham 19 mai \u2013 FISCALITE PATRIMONIALE Questions d\u2019actualit\u00e9"},"content":{"rendered":"<p>Me Val\u00e9rie-Anne de Brauwere pr\u00e9sentera le jeudi 19 mai un volet du s\u00e9minaire organis\u00e9 par Vanham&amp;Vanham sur des questions d\u2019actualit\u00e9 en mati\u00e8re de fiscalit\u00e9 patrimoniale. Son expos\u00e9 sera consacr\u00e9 \u00e0 <strong>la transmission du patrimoine familial.<\/strong><\/p>\n<p>Voici tous les sujets qui seront abord\u00e9s au cours de ce s\u00e9minaire&nbsp;:<\/p>\n<ul>\n<li>La transparence du patrimoine&nbsp;: quelles sont les informations accessibles automatiquement \u00e0 l\u2019administration fiscale&nbsp;?<\/li>\n<li>La taxation du patrimoine mobilier&nbsp;: taxe sur les comptes-titres, \u2026<\/li>\n<li>La fiscalit\u00e9 du patrimoine d\u00e9tenu \u00e0 l\u2019\u00e9tranger<\/li>\n<li>La transmission du patrimoine familial&nbsp;: questions d\u2019actualit\u00e9<\/li>\n<li>La planification patrimoniale par le biais d\u2019une structure soci\u00e9taire&nbsp;: nouvelles opportunit\u00e9s depuis l\u2019entr\u00e9e en vigueur du CSA<\/li>\n<li>Les pouvoirs d\u2019investigation du fisc et les d\u00e9lais d\u2019imposition \u00e9tendus en cas d\u2019\u00e9change international de renseignements<\/li>\n<\/ul>\n<p>Informations pratiques et inscriptions : <a href=\"https:\/\/vanham.be\/fiscalite-patrimoniale\/\">http:\/\/vanham.be<\/a><\/p>","protected":false},"excerpt":{"rendered":"<p>Me Val\u00e9rie-Anne de Brauwere pr\u00e9sentera le jeudi 19 mai un volet du s\u00e9minaire organis\u00e9 par Vanham&amp;Vanham sur des questions d\u2019actualit\u00e9 en mati\u00e8re de fiscalit\u00e9 patrimoniale. Son expos\u00e9 sera consacr\u00e9 \u00e0 la transmission du patrimoine familial. Voici tous les sujets qui seront abord\u00e9s au cours de ce s\u00e9minaire&nbsp;: La transparence du patrimoine&nbsp;: quelles sont les informations [&hellip;]<\/p>\n","protected":false},"author":73,"featured_media":142,"comment_status":"closed","ping_status":"open","sticky":false,"template":"","format":"standard","meta":{"_acf_changed":false,"footnotes":""},"categories":[70,33],"tags":[],"class_list":["post-4532","post","type-post","status-publish","format-standard","has-post-thumbnail","hentry","category-actualites","category-02-planification-patrimoniale"],"acf":[],"_links":{"self":[{"href":"https:\/\/www.thales.be\/nl\/wp-json\/wp\/v2\/posts\/4532","targetHints":{"allow":["GET"]}}],"collection":[{"href":"https:\/\/www.thales.be\/nl\/wp-json\/wp\/v2\/posts"}],"about":[{"href":"https:\/\/www.thales.be\/nl\/wp-json\/wp\/v2\/types\/post"}],"author":[{"embeddable":true,"href":"https:\/\/www.thales.be\/nl\/wp-json\/wp\/v2\/users\/73"}],"replies":[{"embeddable":true,"href":"https:\/\/www.thales.be\/nl\/wp-json\/wp\/v2\/comments?post=4532"}],"version-history":[{"count":3,"href":"https:\/\/www.thales.be\/nl\/wp-json\/wp\/v2\/posts\/4532\/revisions"}],"predecessor-version":[{"id":6226,"href":"https:\/\/www.thales.be\/nl\/wp-json\/wp\/v2\/posts\/4532\/revisions\/6226"}],"wp:featuredmedia":[{"embeddable":true,"href":"https:\/\/www.thales.be\/nl\/wp-json\/wp\/v2\/media\/142"}],"wp:attachment":[{"href":"https:\/\/www.thales.be\/nl\/wp-json\/wp\/v2\/media?parent=4532"}],"wp:term":[{"taxonomy":"category","embeddable":true,"href":"https:\/\/www.thales.be\/nl\/wp-json\/wp\/v2\/categories?post=4532"},{"taxonomy":"post_tag","embeddable":true,"href":"https:\/\/www.thales.be\/nl\/wp-json\/wp\/v2\/tags?post=4532"}],"curies":[{"name":"wp","href":"https:\/\/api.w.org\/{rel}","templated":true}]}}