{"id":7530,"date":"2026-04-29T12:09:14","date_gmt":"2026-04-29T10:09:14","guid":{"rendered":"https:\/\/www.thales.be\/?p=7530"},"modified":"2026-04-29T12:09:14","modified_gmt":"2026-04-29T10:09:14","slug":"colloque-11-juin-2026-solvay-brussels-school","status":"publish","type":"post","link":"https:\/\/www.thales.be\/en\/2026\/04\/29\/colloque-11-juin-2026-solvay-brussels-school\/","title":{"rendered":"COLLOQUE 11 JUIN 2026 &#8211; SOLVAY BRUSSELS SCHOOL"},"content":{"rendered":"<p>Rencontres fiscales de la <a href=\"https:\/\/www.linkedin.com\/company\/solvay-brussels-school\/\"><strong>Solvay Brussels School of Economics and Management<\/strong><\/a><\/p>\n\n\n\n<p>L\u2019Executive Master in Tax Management de la Solvay Brussels School of Economics and Management organise son premier colloque fiscal ce jeudi 11 juin. Ce colloque a pour but de maintenir un lien privil\u00e9gi\u00e9 avec ses alumni et de contribuer activement \u00e0 la formation continue des professionnels de la fiscalit\u00e9.<\/p>\n\n\n\n<p>Destin\u00e9e tant aux dipl\u00f4m\u00e9s du programme qu\u2019\u00e0 l\u2019ensemble des praticiens du secteur fiscal, cette apr\u00e8s-midi d\u2019\u00e9tudes propose un tour d\u2019horizon des actualit\u00e9s fiscales 2026, qui sont bouillonnantes.<\/p>\n\n\n\n<p>Les conf\u00e9rences sont donn\u00e9es par les professeurs du Master, qui sont tous des praticiens en fiscalit\u00e9.<\/p>\n\n\n\n<p>Cette rencontre se veut \u00e0 la fois un moment d\u2019\u00e9change de haut niveau et une opportunit\u00e9 de mise \u00e0 jour des connaissances dans un environnement en constante \u00e9volution. Elle se cl\u00f4turera par un cocktail, pour se revoir entre alumni et professionnels de la fiscalit\u00e9.<\/p>\n\n\n\n<p>Inscription&nbsp;: <a href=\"https:\/\/www.linkedin.com\/safety\/go\/?url=https%3A%2F%2Flnkd%2Ein%2Fey4xff2a&amp;urlhash=Hb4s&amp;mt=psnTnXODdGPTEiojTFSCSZNv_ljKosv9eIOWh19szL2Yo8OmkT3xUMSonax_fwKz5t-NurjfrExAHTI28imAKTexS9WSLHUgeH7BRSkukDf2Zwv2wlQAhrw&amp;isSdui=true\" target=\"_blank\" rel=\"noreferrer noopener\"><strong>https:\/\/lnkd.in\/ey4xff2a<\/strong><\/a><\/p>","protected":false},"excerpt":{"rendered":"<p>Rencontres fiscales de la Solvay Brussels School of Economics and Management L\u2019Executive Master in Tax Management de la Solvay Brussels School of Economics and Management organise son premier colloque fiscal ce jeudi 11 juin. Ce colloque a pour but de maintenir un lien privil\u00e9gi\u00e9 avec ses alumni et de contribuer activement \u00e0 la formation continue [&hellip;]<\/p>\n","protected":false},"author":87,"featured_media":6525,"comment_status":"closed","ping_status":"open","sticky":false,"template":"","format":"standard","meta":{"_acf_changed":false,"footnotes":""},"categories":[70,267,16,273,251,249,37,29,245,17,74,271],"tags":[],"class_list":["post-7530","post","type-post","status-publish","format-standard","has-post-thumbnail","hentry","category-actualites","category-advocaten","category-avocats","category-belastingwetgeving","category-brussel","category-brussels","category-bruxelles","category-01-fiscal","category-lawyers","category-news","category-nieuws","category-tax-law"],"acf":[],"_links":{"self":[{"href":"https:\/\/www.thales.be\/en\/wp-json\/wp\/v2\/posts\/7530","targetHints":{"allow":["GET"]}}],"collection":[{"href":"https:\/\/www.thales.be\/en\/wp-json\/wp\/v2\/posts"}],"about":[{"href":"https:\/\/www.thales.be\/en\/wp-json\/wp\/v2\/types\/post"}],"author":[{"embeddable":true,"href":"https:\/\/www.thales.be\/en\/wp-json\/wp\/v2\/users\/87"}],"replies":[{"embeddable":true,"href":"https:\/\/www.thales.be\/en\/wp-json\/wp\/v2\/comments?post=7530"}],"version-history":[{"count":1,"href":"https:\/\/www.thales.be\/en\/wp-json\/wp\/v2\/posts\/7530\/revisions"}],"predecessor-version":[{"id":7531,"href":"https:\/\/www.thales.be\/en\/wp-json\/wp\/v2\/posts\/7530\/revisions\/7531"}],"wp:featuredmedia":[{"embeddable":true,"href":"https:\/\/www.thales.be\/en\/wp-json\/wp\/v2\/media\/6525"}],"wp:attachment":[{"href":"https:\/\/www.thales.be\/en\/wp-json\/wp\/v2\/media?parent=7530"}],"wp:term":[{"taxonomy":"category","embeddable":true,"href":"https:\/\/www.thales.be\/en\/wp-json\/wp\/v2\/categories?post=7530"},{"taxonomy":"post_tag","embeddable":true,"href":"https:\/\/www.thales.be\/en\/wp-json\/wp\/v2\/tags?post=7530"}],"curies":[{"name":"wp","href":"https:\/\/api.w.org\/{rel}","templated":true}]}}