{"id":4541,"date":"2022-05-12T16:44:12","date_gmt":"2022-05-12T14:44:12","guid":{"rendered":"https:\/\/www.thales.be\/?p=4541"},"modified":"2023-05-31T10:13:36","modified_gmt":"2023-05-31T08:13:36","slug":"enregistrer-une-donation-mobiliere-via-myminfin-est-desormais-possible","status":"publish","type":"post","link":"https:\/\/www.thales.be\/en\/2022\/05\/12\/enregistrer-une-donation-mobiliere-via-myminfin-est-desormais-possible\/","title":{"rendered":"Enregistrer une donation mobili\u00e8re via Myminfin est d\u00e9sormais possible"},"content":{"rendered":"<div align=\"justify\">\n<p>Depuis ce 1<sup>.<\/sup> mai 2022, il est d\u00e9sormais possible d\u2019enregistrer les donations mobili\u00e8res en ligne, via MyMinfin.<\/p>\n<p><span style=\"color: #0000ff\">Quelles sont les donations concern\u00e9es\u00a0?<\/span><\/p>\n<p>Les donations concern\u00e9es sont les donations de biens meubles qui n\u2019ont pas \u00e9t\u00e9 r\u00e9alis\u00e9es devant un notaire. Les donations d\u2019argent ou de portefeuilles-titres r\u00e9alis\u00e9es par simple virement bancaire ou les donations d\u2019\u0153uvres d\u2019art r\u00e9alis\u00e9es par simple don manuel sont notamment vis\u00e9es.<\/p>\n<p><span style=\"color: #0000ff\">Pourquoi enregistrer ces donations ?<\/span><\/p>\n<p>Enregistrer ces donations permet d\u2019\u00e9viter le paiement du droit de succession jusque 30% en cas de d\u00e9c\u00e8s du donateur dans les 3 ans qui suivent la donation (ou dans les 5 ans en R\u00e9gion wallonne). L\u2019enregistrement implique le paiement du droit de donation de 3% (ou 3,3% en R\u00e9gion wallonne) en ligne directe.<\/p>\n<p><span style=\"color: #0000ff\">Comment enregistrer\u00a0?<\/span><\/p>\n<p>L\u2019enregistrement se fait par la communication d\u2019un acte sous seing priv\u00e9 (appel\u00e9 \u00ab\u00a0reconnaissance de donation\u00a0\u00bb ou \u00ab\u00a0pacte adjoint\u00a0\u00bb)\u00a0\u00e0 l\u2019administration fiscale :<\/p>\n<ul>\n<li>Soit par courrier\u00a0;<\/li>\n<li>Soit sur place (en prenant rendez-vous)\u00a0;<\/li>\n<li>Soit, d\u00e9sormais, en ligne, via MyMinfin.<\/li>\n<\/ul>\n<p>La demande d\u2019enregistrement en ligne est facile, rapide, et peut \u00eatre effectu\u00e9e par le donateur, le donataire ou par un tiers tel que votre avocat.<\/p>\n<p><span style=\"color: #0000ff\">Quand l\u2019enregistrement en ligne a-t-il lieu\u00a0?<\/span><\/p>\n<p>A Bruxelles et en Wallonie, l\u2019administration fiscale communique, apr\u00e8s d\u00e9p\u00f4t du document sur MyMinfin, le montant du droit de donation \u00e0 payer. La donation est enregistr\u00e9e apr\u00e8s r\u00e9ception du paiement.<\/p>\n<p>En Flandre, la donation est enregistr\u00e9e d\u00e8s le d\u00e9p\u00f4t du document sur MyMinfin, avant m\u00eame de recevoir la demande de paiement de l\u2019imp\u00f4t.<\/p>\n<p style=\"text-align: center\">***<\/p>\n<p>Nous restons \u00e0 votre disposition pour vous assister dans l\u2019accomplissement de ces d\u00e9marches.<\/p>\n<p><span style=\"color: #ffffff\">a<\/span><\/p>\n<div align=\"justify\"><img decoding=\"async\" class=\"wp-image-6525 alignleft\" src=\"https:\/\/www.thales.be\/wp-content\/uploads\/2023\/01\/thales-valerie-anne-debrauwere-1-300x300.jpg\" alt=\"Thales Avocat Bruxelles Valerie-Anne Debrauwere\" width=\"197\" height=\"197\" srcset=\"https:\/\/www.thales.be\/wp-content\/uploads\/2023\/01\/thales-valerie-anne-debrauwere-1-300x300.jpg 300w, https:\/\/www.thales.be\/wp-content\/uploads\/2023\/01\/thales-valerie-anne-debrauwere-1-150x150.jpg 150w, https:\/\/www.thales.be\/wp-content\/uploads\/2023\/01\/thales-valerie-anne-debrauwere-1-768x768.jpg 768w, https:\/\/www.thales.be\/wp-content\/uploads\/2023\/01\/thales-valerie-anne-debrauwere-1-12x12.jpg 12w, https:\/\/www.thales.be\/wp-content\/uploads\/2023\/01\/thales-valerie-anne-debrauwere-1.jpg 1000w\" sizes=\"(max-width: 197px) 100vw, 197px\" \/><\/p>\n<p><a href=\"https:\/\/www.thales.be\/en\/portfolio-items\/valerie-anne-de-brauwere\/?portfolioCats=5\">Val\u00e9rie-Anne de Brauwere<\/a><\/p>\n<p>Partner THALES Attorneys \u2013 Tax<\/p>\n<p><a href=\"mailto:va.debrauwere@thales.be\">va.debrauwere@thales.be<\/a><\/p>\n<\/div>\n<div align=\"justify\">\n<p><img decoding=\"async\" class=\"wp-image-6511 alignright\" src=\"https:\/\/www.thales.be\/wp-content\/uploads\/2023\/01\/thales-avocat-bruxelles-bastiano-ranalli-4-e1683799498233-300x300.jpg\" alt=\"Thales Avocat Bruxelles Bastiano Ranalli\" width=\"196\" height=\"196\" srcset=\"https:\/\/www.thales.be\/wp-content\/uploads\/2023\/01\/thales-avocat-bruxelles-bastiano-ranalli-4-e1683799498233-300x300.jpg 300w, https:\/\/www.thales.be\/wp-content\/uploads\/2023\/01\/thales-avocat-bruxelles-bastiano-ranalli-4-e1683799498233-150x150.jpg 150w, https:\/\/www.thales.be\/wp-content\/uploads\/2023\/01\/thales-avocat-bruxelles-bastiano-ranalli-4-e1683799498233-768x768.jpg 768w, https:\/\/www.thales.be\/wp-content\/uploads\/2023\/01\/thales-avocat-bruxelles-bastiano-ranalli-4-e1683799498233-12x12.jpg 12w, https:\/\/www.thales.be\/wp-content\/uploads\/2023\/01\/thales-avocat-bruxelles-bastiano-ranalli-4-e1683799498233.jpg 827w\" sizes=\"(max-width: 196px) 100vw, 196px\" \/><\/p>\n<p style=\"text-align: right\"><a href=\"https:\/\/www.thales.be\/en\/portfolio-items\/bastiano-ranalli\/?portfolioCats=5\">Bastiano Ranalli<\/a><\/p>\n<p style=\"text-align: right\">Associate THALES Attorneys \u2013 Tax<\/p>\n<p style=\"text-align: right\"><a href=\"mailto:bastiano.ranalli@thales.be\">bastiano.ranalli@thales.be<\/a><\/p>\n<\/div>\n<\/div>","protected":false},"excerpt":{"rendered":"<p>Depuis ce 1er mai 2022, il est d\u00e9sormais possible d\u2019enregistrer les donations mobili\u00e8res en ligne, via MyMinfin. Quelles sont les donations concern\u00e9es\u00a0? Les donations concern\u00e9es sont les donations de biens meubles qui n\u2019ont pas \u00e9t\u00e9 r\u00e9alis\u00e9es devant un notaire. Les donations d\u2019argent ou de portefeuilles-titres r\u00e9alis\u00e9es par simple virement bancaire ou les donations d\u2019\u0153uvres d\u2019art [&hellip;]<\/p>\n","protected":false},"author":73,"featured_media":5492,"comment_status":"closed","ping_status":"open","sticky":false,"template":"","format":"standard","meta":{"_acf_changed":false,"footnotes":""},"categories":[70,33],"tags":[],"class_list":["post-4541","post","type-post","status-publish","format-standard","has-post-thumbnail","hentry","category-actualites","category-02-planification-patrimoniale"],"acf":[],"_links":{"self":[{"href":"https:\/\/www.thales.be\/en\/wp-json\/wp\/v2\/posts\/4541","targetHints":{"allow":["GET"]}}],"collection":[{"href":"https:\/\/www.thales.be\/en\/wp-json\/wp\/v2\/posts"}],"about":[{"href":"https:\/\/www.thales.be\/en\/wp-json\/wp\/v2\/types\/post"}],"author":[{"embeddable":true,"href":"https:\/\/www.thales.be\/en\/wp-json\/wp\/v2\/users\/73"}],"replies":[{"embeddable":true,"href":"https:\/\/www.thales.be\/en\/wp-json\/wp\/v2\/comments?post=4541"}],"version-history":[{"count":4,"href":"https:\/\/www.thales.be\/en\/wp-json\/wp\/v2\/posts\/4541\/revisions"}],"predecessor-version":[{"id":6697,"href":"https:\/\/www.thales.be\/en\/wp-json\/wp\/v2\/posts\/4541\/revisions\/6697"}],"wp:featuredmedia":[{"embeddable":true,"href":"https:\/\/www.thales.be\/en\/wp-json\/wp\/v2\/media\/5492"}],"wp:attachment":[{"href":"https:\/\/www.thales.be\/en\/wp-json\/wp\/v2\/media?parent=4541"}],"wp:term":[{"taxonomy":"category","embeddable":true,"href":"https:\/\/www.thales.be\/en\/wp-json\/wp\/v2\/categories?post=4541"},{"taxonomy":"post_tag","embeddable":true,"href":"https:\/\/www.thales.be\/en\/wp-json\/wp\/v2\/tags?post=4541"}],"curies":[{"name":"wp","href":"https:\/\/api.w.org\/{rel}","templated":true}]}}